{"id":23458,"date":"2025-04-30T07:58:44","date_gmt":"2025-04-30T07:58:44","guid":{"rendered":"https:\/\/www.farmaciaquimpique.cat\/?p=23458"},"modified":"2025-05-23T07:32:06","modified_gmt":"2025-05-23T07:32:06","slug":"dia-internacional-de-las-manchas-cutaneas","status":"publish","type":"post","link":"https:\/\/www.farmaciaquimpique.cat\/es\/consejos\/dia-internacional-de-las-manchas-cutaneas\/","title":{"rendered":"D\u00eda Internacional de las Manchas Cut\u00e1neas"},"content":{"rendered":"\t\t<div data-elementor-type=\"wp-post\" data-elementor-id=\"23458\" class=\"elementor elementor-23458 elementor-23448\">\n\t\t\t\t\t\t<section class=\"elementor-section elementor-top-section elementor-element elementor-element-c5e5b1f elementor-section-boxed elementor-section-height-default elementor-section-height-default sc_fly_static\" data-id=\"c5e5b1f\" data-element_type=\"section\" data-e-type=\"section\">\n\t\t\t\t\t\t<div class=\"elementor-container elementor-column-gap-extended\">\n\t\t\t\t\t<div class=\"elementor-column elementor-col-100 elementor-top-column elementor-element elementor-element-7a7cb86 sc_content_align_inherit sc_layouts_column_icons_position_left sc_fly_static\" data-id=\"7a7cb86\" data-element_type=\"column\" data-e-type=\"column\">\n\t\t\t<div class=\"elementor-widget-wrap elementor-element-populated\">\n\t\t\t\t\t\t<div class=\"elementor-element elementor-element-143faf5 sc_fly_static elementor-widget elementor-widget-text-editor\" data-id=\"143faf5\" data-element_type=\"widget\" data-e-type=\"widget\" data-widget_type=\"text-editor.default\">\n\t\t\t\t<div class=\"elementor-widget-container\">\n\t\t\t\t\t\t\t\t\t<h2><span style=\"font-weight: 400;\">Por qu\u00e9 es importante cuidar la piel todo el a\u00f1o<\/span><\/h2><p><span style=\"font-weight: 400;\">El 25 de mayo se celebra el D\u00eda Internacional de las Manchas Cut\u00e1neas, una fecha para dar visibilidad a una realidad que afecta miles de personas. Desde la Farmacia Quim Piqu\u00e9, queremos aprovechar esta jornada por habla sobre la prevenci\u00f3n, tratamiento y aceptaci\u00f3n de las manchas a la piel, especialmente ahora que llega el verano y aumenta la exposici\u00f3n solar. <\/span><\/p>\t\t\t\t\t\t\t\t<\/div>\n\t\t\t\t<\/div>\n\t\t\t\t\t<\/div>\n\t\t<\/div>\n\t\t\t\t\t<\/div>\n\t\t<\/section>\n\t\t\t\t<section class=\"elementor-section elementor-top-section elementor-element elementor-element-398cd31 elementor-section-boxed elementor-section-height-default elementor-section-height-default sc_fly_static\" data-id=\"398cd31\" data-element_type=\"section\" data-e-type=\"section\">\n\t\t\t\t\t\t<div class=\"elementor-container elementor-column-gap-extended\">\n\t\t\t\t\t<div class=\"elementor-column elementor-col-100 elementor-top-column elementor-element elementor-element-85f6949 sc_content_align_inherit sc_layouts_column_icons_position_left sc_fly_static\" data-id=\"85f6949\" data-element_type=\"column\" data-e-type=\"column\">\n\t\t\t<div class=\"elementor-widget-wrap elementor-element-populated\">\n\t\t\t\t\t\t<div class=\"elementor-element elementor-element-3922d4b sc_fly_static elementor-widget elementor-widget-spacer\" data-id=\"3922d4b\" data-element_type=\"widget\" data-e-type=\"widget\" data-widget_type=\"spacer.default\">\n\t\t\t\t<div class=\"elementor-widget-container\">\n\t\t\t\t\t\t\t<div class=\"elementor-spacer\">\n\t\t\t<div class=\"elementor-spacer-inner\"><\/div>\n\t\t<\/div>\n\t\t\t\t\t\t<\/div>\n\t\t\t\t<\/div>\n\t\t\t\t\t<\/div>\n\t\t<\/div>\n\t\t\t\t\t<\/div>\n\t\t<\/section>\n\t\t\t\t<section class=\"elementor-section elementor-top-section elementor-element elementor-element-731e1b0 elementor-section-boxed elementor-section-height-default elementor-section-height-default sc_fly_static\" data-id=\"731e1b0\" data-element_type=\"section\" data-e-type=\"section\">\n\t\t\t\t\t\t<div class=\"elementor-container elementor-column-gap-extended\">\n\t\t\t\t\t<div class=\"elementor-column elementor-col-100 elementor-top-column elementor-element elementor-element-dc3b047 sc_content_align_inherit sc_layouts_column_icons_position_left sc_fly_static\" data-id=\"dc3b047\" data-element_type=\"column\" data-e-type=\"column\">\n\t\t\t<div class=\"elementor-widget-wrap elementor-element-populated\">\n\t\t\t\t\t\t<div class=\"elementor-element elementor-element-02375c8 sc_fly_static elementor-widget elementor-widget-heading\" data-id=\"02375c8\" data-element_type=\"widget\" data-e-type=\"widget\" data-widget_type=\"heading.default\">\n\t\t\t\t<div class=\"elementor-widget-container\">\n\t\t\t\t\t<h2 class=\"elementor-heading-title elementor-size-default\">Qu\u00e9 son las manchas cut\u00e1neas?<\/h2>\t\t\t\t<\/div>\n\t\t\t\t<\/div>\n\t\t\t\t\t<\/div>\n\t\t<\/div>\n\t\t\t\t\t<\/div>\n\t\t<\/section>\n\t\t\t\t<section class=\"elementor-section elementor-top-section elementor-element elementor-element-7fecf58 elementor-section-boxed elementor-section-height-default elementor-section-height-default sc_fly_static\" data-id=\"7fecf58\" data-element_type=\"section\" data-e-type=\"section\">\n\t\t\t\t\t\t<div class=\"elementor-container elementor-column-gap-extended\">\n\t\t\t\t\t<div class=\"elementor-column elementor-col-100 elementor-top-column elementor-element elementor-element-894bc66 sc_content_align_inherit sc_layouts_column_icons_position_left sc_fly_static\" data-id=\"894bc66\" data-element_type=\"column\" data-e-type=\"column\">\n\t\t\t<div class=\"elementor-widget-wrap elementor-element-populated\">\n\t\t\t\t\t\t<div class=\"elementor-element elementor-element-1dd0fb7 sc_fly_static elementor-widget elementor-widget-text-editor\" data-id=\"1dd0fb7\" data-element_type=\"widget\" data-e-type=\"widget\" data-widget_type=\"text-editor.default\">\n\t\t\t\t<div class=\"elementor-widget-container\">\n\t\t\t\t\t\t\t\t\t<p><span style=\"font-weight: 400;\"><br>Las manchas cut\u00e1neas son alteraciones en la pigmentaci\u00f3n de la piel y pueden tener m\u00faltiples or\u00edgenes:<\/span><\/p><ul><li style=\"font-weight: 400;\" aria-level=\"1\"><span style=\"font-weight: 400;\">Exposici\u00f3n prolongada al sol sin protecci\u00f3n adecuada<\/span><\/li><li style=\"font-weight: 400;\" aria-level=\"1\"><span style=\"font-weight: 400;\">Cambios hormonales<\/span><\/li><li style=\"font-weight: 400;\" aria-level=\"1\"><span style=\"font-weight: 400;\">Envejecimiento cut\u00e1neo<\/span><\/li><li style=\"font-weight: 400;\" aria-level=\"1\"><span style=\"font-weight: 400;\">Marcas de acn\u00e9, infecciones o cicatrices<\/span><\/li><li style=\"font-weight: 400;\" aria-level=\"1\"><span style=\"font-weight: 400;\">Efectos secundarios de algunos medicamentos<\/span><\/li><\/ul><p><span style=\"font-weight: 400;\">A pesar de que a menudo se perciben como un tema puramente est\u00e9tico, las manchas pueden ser un signo de alerta dermatol\u00f3gica. Ante cualquier cambio en la forma, el color o la medida de una mancha, es fundamental consultar con un dermat\u00f3logo. <\/span><\/p><p><span style=\"font-weight: 400;\"> <\/span><\/p>\t\t\t\t\t\t\t\t<\/div>\n\t\t\t\t<\/div>\n\t\t\t\t\t<\/div>\n\t\t<\/div>\n\t\t\t\t\t<\/div>\n\t\t<\/section>\n\t\t\t\t<section class=\"elementor-section elementor-top-section elementor-element elementor-element-79a503f elementor-section-boxed elementor-section-height-default elementor-section-height-default sc_fly_static\" data-id=\"79a503f\" data-element_type=\"section\" data-e-type=\"section\">\n\t\t\t\t\t\t<div class=\"elementor-container elementor-column-gap-extended\">\n\t\t\t\t\t<div class=\"elementor-column elementor-col-100 elementor-top-column elementor-element elementor-element-03d6066 sc_content_align_inherit sc_layouts_column_icons_position_left sc_fly_static\" data-id=\"03d6066\" data-element_type=\"column\" data-e-type=\"column\">\n\t\t\t<div class=\"elementor-widget-wrap elementor-element-populated\">\n\t\t\t\t\t\t<div class=\"elementor-element elementor-element-c690c77 sc_fly_static elementor-widget elementor-widget-image\" data-id=\"c690c77\" data-element_type=\"widget\" data-e-type=\"widget\" data-widget_type=\"image.default\">\n\t\t\t\t<div class=\"elementor-widget-container\">\n\t\t\t\t\t\t\t\t\t\t\t\t\t\t\t<img fetchpriority=\"high\" decoding=\"async\" width=\"1024\" height=\"684\" src=\"https:\/\/www.farmaciaquimpique.cat\/wp-content\/uploads\/2025\/04\/Captura-de-pantalla-2025-04-30-a-las-10.11.36-1024x684.png\" class=\"attachment-large size-large wp-image-23454\" alt=\"Taques cut\u00e0nies pell\" srcset=\"https:\/\/www.farmaciaquimpique.cat\/wp-content\/uploads\/2025\/04\/Captura-de-pantalla-2025-04-30-a-las-10.11.36-1024x684.png 1024w, https:\/\/www.farmaciaquimpique.cat\/wp-content\/uploads\/2025\/04\/Captura-de-pantalla-2025-04-30-a-las-10.11.36-300x200.png 300w, https:\/\/www.farmaciaquimpique.cat\/wp-content\/uploads\/2025\/04\/Captura-de-pantalla-2025-04-30-a-las-10.11.36-768x513.png 768w, https:\/\/www.farmaciaquimpique.cat\/wp-content\/uploads\/2025\/04\/Captura-de-pantalla-2025-04-30-a-las-10.11.36-370x247.png 370w, https:\/\/www.farmaciaquimpique.cat\/wp-content\/uploads\/2025\/04\/Captura-de-pantalla-2025-04-30-a-las-10.11.36-840x561.png 840w, https:\/\/www.farmaciaquimpique.cat\/wp-content\/uploads\/2025\/04\/Captura-de-pantalla-2025-04-30-a-las-10.11.36-410x274.png 410w, https:\/\/www.farmaciaquimpique.cat\/wp-content\/uploads\/2025\/04\/Captura-de-pantalla-2025-04-30-a-las-10.11.36.png 1084w\" sizes=\"(max-width: 1024px) 100vw, 1024px\" \/>\t\t\t\t\t\t\t\t\t\t\t\t\t\t\t<\/div>\n\t\t\t\t<\/div>\n\t\t\t\t<div class=\"elementor-element elementor-element-d2c7e31 sc_fly_static elementor-widget elementor-widget-spacer\" data-id=\"d2c7e31\" data-element_type=\"widget\" data-e-type=\"widget\" data-widget_type=\"spacer.default\">\n\t\t\t\t<div class=\"elementor-widget-container\">\n\t\t\t\t\t\t\t<div class=\"elementor-spacer\">\n\t\t\t<div class=\"elementor-spacer-inner\"><\/div>\n\t\t<\/div>\n\t\t\t\t\t\t<\/div>\n\t\t\t\t<\/div>\n\t\t\t\t<div class=\"elementor-element elementor-element-d133b21 elementor-widget__width-initial sc_fly_static elementor-widget elementor-widget-heading\" data-id=\"d133b21\" data-element_type=\"widget\" data-e-type=\"widget\" data-widget_type=\"heading.default\">\n\t\t\t\t<div class=\"elementor-widget-container\">\n\t\t\t\t\t<h2 class=\"elementor-heading-title elementor-size-default\">Prevenci\u00f3n y tratamiento: el que puedes hacer desde casa<\/h2>\t\t\t\t<\/div>\n\t\t\t\t<\/div>\n\t\t\t\t\t<\/div>\n\t\t<\/div>\n\t\t\t\t\t<\/div>\n\t\t<\/section>\n\t\t\t\t<section class=\"elementor-section elementor-top-section elementor-element elementor-element-0a83969 elementor-section-boxed elementor-section-height-default elementor-section-height-default sc_fly_static\" data-id=\"0a83969\" data-element_type=\"section\" data-e-type=\"section\">\n\t\t\t\t\t\t<div class=\"elementor-container elementor-column-gap-extended\">\n\t\t\t\t\t<div class=\"elementor-column elementor-col-100 elementor-top-column elementor-element elementor-element-dfdfac2 sc_content_align_inherit sc_layouts_column_icons_position_left sc_fly_static\" data-id=\"dfdfac2\" data-element_type=\"column\" data-e-type=\"column\">\n\t\t\t<div class=\"elementor-widget-wrap elementor-element-populated\">\n\t\t\t\t\t\t<div class=\"elementor-element elementor-element-06cadf2 sc_fly_static elementor-widget elementor-widget-text-editor\" data-id=\"06cadf2\" data-element_type=\"widget\" data-e-type=\"widget\" data-widget_type=\"text-editor.default\">\n\t\t\t\t<div class=\"elementor-widget-container\">\n\t\t\t\t\t\t\t\t\t<p> <\/p><p><span style=\"font-weight: 400;\">Desde nuestra experiencia como farmacia de referencia a Reus, recomendamos incorporar estos h\u00e1bitos para prevenir o tratar las manchas:<\/span><\/p><h5><span style=\"font-weight: 400;\">\u2705 Protecci\u00f3n solar cada d\u00eda<\/span><\/h5><p><span style=\"font-weight: 400;\">El sol es uno de los principales factores que favorecen la aparici\u00f3n de manchas.<\/span><span style=\"font-weight: 400;\"><br><\/span><span style=\"font-weight: 400;\">Usa protecci\u00f3n solar de calidad, adaptada a tu tipo de piel y con SPF alto. No solo en la playa: tambi\u00e9n a ciudad, a la sombra o los d\u00edas nublados. <\/span><\/p><h5><span style=\"font-weight: 400;\">\u2705 Rutina dermocosm\u00e9tica personalizada<\/span><\/h5><p><span style=\"font-weight: 400;\">Ingredientes como la vitamina C, niacinamida o \u00e1cido k\u00f3jico pueden ayudar a uniformizar el tono de la piel.<\/span><\/p><p><span style=\"font-weight: 400;\">A la Farmacia Quim Piqu\u00e9 disponemos de un<\/span> <a href=\"https:\/\/www.farmaciaquimpique.cat\/es\/serveis\/\"><span style=\"font-weight: 400;\">servicio de dermof\u00e0rmacia<\/span><\/a> <span style=\"font-weight: 400;\">orientado a la cura de la piel con asesoramiento personalizado, donde te ayudamos a escoger los productos m\u00e1s adecuados y resolvemos cualquier duda relacionada con afecciones cut\u00e1neas.<\/span><\/p><p><span style=\"font-weight: 400;\">Cons\u00faltanos y te recomendaremos el mejor para tu tipo de piel.<\/span><\/p><h5><span style=\"font-weight: 400;\">\u2705 Consulta profesional<\/span><\/h5><p><span style=\"font-weight: 400;\">Si una mancha cambia de forma, crece o se oscurece, hay que visitar un dermat\u00f3logo o pedir asesoramiento a la farmacia.<\/span><\/p>\t\t\t\t\t\t\t\t<\/div>\n\t\t\t\t<\/div>\n\t\t\t\t<div class=\"elementor-element elementor-element-533d2b1 sc_fly_static elementor-widget elementor-widget-spacer\" data-id=\"533d2b1\" data-element_type=\"widget\" data-e-type=\"widget\" data-widget_type=\"spacer.default\">\n\t\t\t\t<div class=\"elementor-widget-container\">\n\t\t\t\t\t\t\t<div class=\"elementor-spacer\">\n\t\t\t<div class=\"elementor-spacer-inner\"><\/div>\n\t\t<\/div>\n\t\t\t\t\t\t<\/div>\n\t\t\t\t<\/div>\n\t\t\t\t<div class=\"elementor-element elementor-element-08d25a8 sc_fly_static elementor-widget elementor-widget-heading\" data-id=\"08d25a8\" data-element_type=\"widget\" data-e-type=\"widget\" data-widget_type=\"heading.default\">\n\t\t\t\t<div class=\"elementor-widget-container\">\n\t\t\t\t\t<h2 class=\"elementor-heading-title elementor-size-default\">Querer la piel tal como es<\/h2>\t\t\t\t<\/div>\n\t\t\t\t<\/div>\n\t\t\t\t<div class=\"elementor-element elementor-element-6f34e6c sc_fly_static elementor-widget elementor-widget-text-editor\" data-id=\"6f34e6c\" data-element_type=\"widget\" data-e-type=\"widget\" data-widget_type=\"text-editor.default\">\n\t\t\t\t<div class=\"elementor-widget-container\">\n\t\t\t\t\t\t\t\t\t<p><span style=\"font-weight: 400;\"> <\/span><\/p><p><span style=\"font-weight: 400;\">Las manchas pueden ser recuerdos de momentos vividos, cambios hormonales, embarazos, exposici\u00f3n solar\u2026 y tambi\u00e9n parte de nuestra identidad. Tratarlas o no, tiene que ser siempre una decisi\u00f3n personal e informada. <\/span><\/p><p><span style=\"font-weight: 400;\">A la <strong>Farmacia Quim Piqu\u00e9<\/strong>, tu <strong>farmacia a Reus<\/strong>, estamos a tu lado para ayudarte a cuidar la piel con conocimiento, empat\u00eda y productos adecuados.<\/span><\/p><p><span style=\"font-weight: 400;\">Vis\u00edtanos o cons\u00faltanos sin compromiso. Juntos, encontraremos la mejor manera de cuidar tu piel, d\u00eda a d\u00eda. <\/span><\/p>\t\t\t\t\t\t\t\t<\/div>\n\t\t\t\t<\/div>\n\t\t\t\t\t<\/div>\n\t\t<\/div>\n\t\t\t\t\t<\/div>\n\t\t<\/section>\n\t\t\t\t<\/div>\n\t\t","protected":false},"excerpt":{"rendered":"<p>Por qu\u00e9 es importante cuidar la piel todo el a\u00f1o El 25 de mayo se celebra el D\u00eda Internacional de las Manchas Cut\u00e1neas, una fecha para dar visibilidad a una&hellip;<\/p>\n","protected":false},"author":1,"featured_media":23553,"comment_status":"closed","ping_status":"closed","sticky":false,"template":"","format":"standard","meta":{"footnotes":""},"categories":[236],"tags":[],"class_list":["post-23458","post","type-post","status-publish","format-standard","has-post-thumbnail","hentry","category-consejos"],"yoast_head":"<!-- This site is optimized with the Yoast SEO plugin v27.4 - https:\/\/yoast.com\/product\/yoast-seo-wordpress\/ -->\n<title>\u00bfQu\u00e9 es el sue\u00f1o y c\u00f3mo funciona?<\/title>\n<meta name=\"description\" content=\"Un sue\u00f1o reparador es fundamental para la salud f\u00edsica y mental. Sin embargo, muchas personas tienen dificultades para dormir bien.\" \/>\n<meta name=\"robots\" content=\"index, follow, max-snippet:-1, max-image-preview:large, max-video-preview:-1\" \/>\n<link rel=\"canonical\" href=\"https:\/\/www.farmaciaquimpique.cat\/es\/consejos\/dia-internacional-de-las-manchas-cutaneas\/\" \/>\n<meta property=\"og:locale\" content=\"es_ES\" \/>\n<meta property=\"og:type\" content=\"article\" \/>\n<meta property=\"og:title\" content=\"\u00bfQu\u00e9 es el sue\u00f1o y c\u00f3mo funciona?\" \/>\n<meta property=\"og:description\" content=\"Un sue\u00f1o reparador es fundamental para la salud f\u00edsica y mental. Sin embargo, muchas personas tienen dificultades para dormir bien.\" \/>\n<meta property=\"og:url\" content=\"https:\/\/www.farmaciaquimpique.cat\/es\/consejos\/dia-internacional-de-las-manchas-cutaneas\/\" \/>\n<meta property=\"og:site_name\" content=\"Farm\u00e0cia Quim Piqu\u00e9\" \/>\n<meta property=\"article:publisher\" content=\"https:\/\/www.facebook.com\/FarmaciaQuimPique\" \/>\n<meta property=\"article:published_time\" content=\"2025-04-30T07:58:44+00:00\" \/>\n<meta property=\"article:modified_time\" content=\"2025-05-23T07:32:06+00:00\" \/>\n<meta property=\"og:image\" content=\"https:\/\/www.farmaciaquimpique.cat\/wp-content\/uploads\/2025\/04\/capcalera-blog-FPIQUE-1.png\" \/>\n\t<meta property=\"og:image:width\" content=\"700\" \/>\n\t<meta property=\"og:image:height\" content=\"400\" \/>\n\t<meta property=\"og:image:type\" content=\"image\/png\" \/>\n<meta name=\"author\" content=\"godstudiogenesis\" \/>\n<meta name=\"twitter:card\" content=\"summary_large_image\" \/>\n<meta name=\"twitter:label1\" content=\"Escrito por\" \/>\n\t<meta name=\"twitter:data1\" content=\"godstudiogenesis\" \/>\n\t<meta name=\"twitter:label2\" content=\"Tiempo de lectura\" \/>\n\t<meta name=\"twitter:data2\" content=\"2 minutos\" \/>\n<script type=\"application\/ld+json\" class=\"yoast-schema-graph\">{\"@context\":\"https:\\\/\\\/schema.org\",\"@graph\":[{\"@type\":\"Article\",\"@id\":\"https:\\\/\\\/www.farmaciaquimpique.cat\\\/es\\\/consejos\\\/dia-internacional-de-las-manchas-cutaneas\\\/#article\",\"isPartOf\":{\"@id\":\"https:\\\/\\\/www.farmaciaquimpique.cat\\\/es\\\/consejos\\\/dia-internacional-de-las-manchas-cutaneas\\\/\"},\"author\":{\"name\":\"godstudiogenesis\",\"@id\":\"https:\\\/\\\/www.farmaciaquimpique.cat\\\/#\\\/schema\\\/person\\\/11593d1e51a2c1c68a27c03218bb260b\"},\"headline\":\"D\u00eda Internacional de las Manchas Cut\u00e1neas\",\"datePublished\":\"2025-04-30T07:58:44+00:00\",\"dateModified\":\"2025-05-23T07:32:06+00:00\",\"mainEntityOfPage\":{\"@id\":\"https:\\\/\\\/www.farmaciaquimpique.cat\\\/es\\\/consejos\\\/dia-internacional-de-las-manchas-cutaneas\\\/\"},\"wordCount\":450,\"publisher\":{\"@id\":\"https:\\\/\\\/www.farmaciaquimpique.cat\\\/#organization\"},\"image\":{\"@id\":\"https:\\\/\\\/www.farmaciaquimpique.cat\\\/es\\\/consejos\\\/dia-internacional-de-las-manchas-cutaneas\\\/#primaryimage\"},\"thumbnailUrl\":\"https:\\\/\\\/www.farmaciaquimpique.cat\\\/wp-content\\\/uploads\\\/2025\\\/04\\\/capcalera-blog-FPIQUE-1.png\",\"articleSection\":[\"Consejos\"],\"inLanguage\":\"es\"},{\"@type\":\"WebPage\",\"@id\":\"https:\\\/\\\/www.farmaciaquimpique.cat\\\/es\\\/consejos\\\/dia-internacional-de-las-manchas-cutaneas\\\/\",\"url\":\"https:\\\/\\\/www.farmaciaquimpique.cat\\\/es\\\/consejos\\\/dia-internacional-de-las-manchas-cutaneas\\\/\",\"name\":\"\u00bfQu\u00e9 es el sue\u00f1o y c\u00f3mo funciona?\",\"isPartOf\":{\"@id\":\"https:\\\/\\\/www.farmaciaquimpique.cat\\\/#website\"},\"primaryImageOfPage\":{\"@id\":\"https:\\\/\\\/www.farmaciaquimpique.cat\\\/es\\\/consejos\\\/dia-internacional-de-las-manchas-cutaneas\\\/#primaryimage\"},\"image\":{\"@id\":\"https:\\\/\\\/www.farmaciaquimpique.cat\\\/es\\\/consejos\\\/dia-internacional-de-las-manchas-cutaneas\\\/#primaryimage\"},\"thumbnailUrl\":\"https:\\\/\\\/www.farmaciaquimpique.cat\\\/wp-content\\\/uploads\\\/2025\\\/04\\\/capcalera-blog-FPIQUE-1.png\",\"datePublished\":\"2025-04-30T07:58:44+00:00\",\"dateModified\":\"2025-05-23T07:32:06+00:00\",\"description\":\"Un sue\u00f1o reparador es fundamental para la salud f\u00edsica y mental. Sin embargo, muchas personas tienen dificultades para dormir bien.\",\"breadcrumb\":{\"@id\":\"https:\\\/\\\/www.farmaciaquimpique.cat\\\/es\\\/consejos\\\/dia-internacional-de-las-manchas-cutaneas\\\/#breadcrumb\"},\"inLanguage\":\"es\",\"potentialAction\":[{\"@type\":\"ReadAction\",\"target\":[\"https:\\\/\\\/www.farmaciaquimpique.cat\\\/es\\\/consejos\\\/dia-internacional-de-las-manchas-cutaneas\\\/\"]}]},{\"@type\":\"ImageObject\",\"inLanguage\":\"es\",\"@id\":\"https:\\\/\\\/www.farmaciaquimpique.cat\\\/es\\\/consejos\\\/dia-internacional-de-las-manchas-cutaneas\\\/#primaryimage\",\"url\":\"https:\\\/\\\/www.farmaciaquimpique.cat\\\/wp-content\\\/uploads\\\/2025\\\/04\\\/capcalera-blog-FPIQUE-1.png\",\"contentUrl\":\"https:\\\/\\\/www.farmaciaquimpique.cat\\\/wp-content\\\/uploads\\\/2025\\\/04\\\/capcalera-blog-FPIQUE-1.png\",\"width\":700,\"height\":400},{\"@type\":\"BreadcrumbList\",\"@id\":\"https:\\\/\\\/www.farmaciaquimpique.cat\\\/es\\\/consejos\\\/dia-internacional-de-las-manchas-cutaneas\\\/#breadcrumb\",\"itemListElement\":[{\"@type\":\"ListItem\",\"position\":1,\"name\":\"Inici\",\"item\":\"https:\\\/\\\/www.farmaciaquimpique.cat\\\/es\\\/inicio\\\/\"},{\"@type\":\"ListItem\",\"position\":2,\"name\":\"D\u00eda Internacional de las Manchas Cut\u00e1neas\"}]},{\"@type\":\"WebSite\",\"@id\":\"https:\\\/\\\/www.farmaciaquimpique.cat\\\/#website\",\"url\":\"https:\\\/\\\/www.farmaciaquimpique.cat\\\/\",\"name\":\"Farm\u00e0cia Quim Piqu\u00e9\",\"description\":\"M\u00e9s de un segle sent la teva farm\u00e0cia de refernecia\",\"publisher\":{\"@id\":\"https:\\\/\\\/www.farmaciaquimpique.cat\\\/#organization\"},\"potentialAction\":[{\"@type\":\"SearchAction\",\"target\":{\"@type\":\"EntryPoint\",\"urlTemplate\":\"https:\\\/\\\/www.farmaciaquimpique.cat\\\/?s={search_term_string}\"},\"query-input\":{\"@type\":\"PropertyValueSpecification\",\"valueRequired\":true,\"valueName\":\"search_term_string\"}}],\"inLanguage\":\"es\"},{\"@type\":\"Organization\",\"@id\":\"https:\\\/\\\/www.farmaciaquimpique.cat\\\/#organization\",\"name\":\"Farm\u00e0cia Quim Piqu\u00e9\",\"url\":\"https:\\\/\\\/www.farmaciaquimpique.cat\\\/\",\"logo\":{\"@type\":\"ImageObject\",\"inLanguage\":\"es\",\"@id\":\"https:\\\/\\\/www.farmaciaquimpique.cat\\\/#\\\/schema\\\/logo\\\/image\\\/\",\"url\":\"https:\\\/\\\/www.farmaciaquimpique.cat\\\/wp-content\\\/uploads\\\/2021\\\/06\\\/cropped-farmPique-logo.jpg\",\"contentUrl\":\"https:\\\/\\\/www.farmaciaquimpique.cat\\\/wp-content\\\/uploads\\\/2021\\\/06\\\/cropped-farmPique-logo.jpg\",\"width\":212,\"height\":66,\"caption\":\"Farm\u00e0cia Quim Piqu\u00e9\"},\"image\":{\"@id\":\"https:\\\/\\\/www.farmaciaquimpique.cat\\\/#\\\/schema\\\/logo\\\/image\\\/\"},\"sameAs\":[\"https:\\\/\\\/www.facebook.com\\\/FarmaciaQuimPique\",\"https:\\\/\\\/www.instagram.com\\\/farmacia_quim_pique\\\/?hl=es\"]},{\"@type\":\"Person\",\"@id\":\"https:\\\/\\\/www.farmaciaquimpique.cat\\\/#\\\/schema\\\/person\\\/11593d1e51a2c1c68a27c03218bb260b\",\"name\":\"godstudiogenesis\",\"image\":{\"@type\":\"ImageObject\",\"inLanguage\":\"es\",\"@id\":\"https:\\\/\\\/secure.gravatar.com\\\/avatar\\\/cd25a443b0b4914bd329e4ac131ee5565813bc540e4f718b12694f28fbfec02e?s=96&d=mm&r=g\",\"url\":\"https:\\\/\\\/secure.gravatar.com\\\/avatar\\\/cd25a443b0b4914bd329e4ac131ee5565813bc540e4f718b12694f28fbfec02e?s=96&d=mm&r=g\",\"contentUrl\":\"https:\\\/\\\/secure.gravatar.com\\\/avatar\\\/cd25a443b0b4914bd329e4ac131ee5565813bc540e4f718b12694f28fbfec02e?s=96&d=mm&r=g\",\"caption\":\"godstudiogenesis\"},\"sameAs\":[\"https:\\\/\\\/www.farmaciaquimpique.cat\"],\"url\":\"https:\\\/\\\/www.farmaciaquimpique.cat\\\/es\\\/author\\\/godstudiogenesis\\\/\"}]}<\/script>\n<!-- \/ Yoast SEO plugin. -->","yoast_head_json":{"title":"\u00bfQu\u00e9 es el sue\u00f1o y c\u00f3mo funciona?","description":"Un sue\u00f1o reparador es fundamental para la salud f\u00edsica y mental. Sin embargo, muchas personas tienen dificultades para dormir bien.","robots":{"index":"index","follow":"follow","max-snippet":"max-snippet:-1","max-image-preview":"max-image-preview:large","max-video-preview":"max-video-preview:-1"},"canonical":"https:\/\/www.farmaciaquimpique.cat\/es\/consejos\/dia-internacional-de-las-manchas-cutaneas\/","og_locale":"es_ES","og_type":"article","og_title":"\u00bfQu\u00e9 es el sue\u00f1o y c\u00f3mo funciona?","og_description":"Un sue\u00f1o reparador es fundamental para la salud f\u00edsica y mental. Sin embargo, muchas personas tienen dificultades para dormir bien.","og_url":"https:\/\/www.farmaciaquimpique.cat\/es\/consejos\/dia-internacional-de-las-manchas-cutaneas\/","og_site_name":"Farm\u00e0cia Quim Piqu\u00e9","article_publisher":"https:\/\/www.facebook.com\/FarmaciaQuimPique","article_published_time":"2025-04-30T07:58:44+00:00","article_modified_time":"2025-05-23T07:32:06+00:00","og_image":[{"width":700,"height":400,"url":"https:\/\/www.farmaciaquimpique.cat\/wp-content\/uploads\/2025\/04\/capcalera-blog-FPIQUE-1.png","type":"image\/png"}],"author":"godstudiogenesis","twitter_card":"summary_large_image","twitter_misc":{"Escrito por":"godstudiogenesis","Tiempo de lectura":"2 minutos"},"schema":{"@context":"https:\/\/schema.org","@graph":[{"@type":"Article","@id":"https:\/\/www.farmaciaquimpique.cat\/es\/consejos\/dia-internacional-de-las-manchas-cutaneas\/#article","isPartOf":{"@id":"https:\/\/www.farmaciaquimpique.cat\/es\/consejos\/dia-internacional-de-las-manchas-cutaneas\/"},"author":{"name":"godstudiogenesis","@id":"https:\/\/www.farmaciaquimpique.cat\/#\/schema\/person\/11593d1e51a2c1c68a27c03218bb260b"},"headline":"D\u00eda Internacional de las Manchas Cut\u00e1neas","datePublished":"2025-04-30T07:58:44+00:00","dateModified":"2025-05-23T07:32:06+00:00","mainEntityOfPage":{"@id":"https:\/\/www.farmaciaquimpique.cat\/es\/consejos\/dia-internacional-de-las-manchas-cutaneas\/"},"wordCount":450,"publisher":{"@id":"https:\/\/www.farmaciaquimpique.cat\/#organization"},"image":{"@id":"https:\/\/www.farmaciaquimpique.cat\/es\/consejos\/dia-internacional-de-las-manchas-cutaneas\/#primaryimage"},"thumbnailUrl":"https:\/\/www.farmaciaquimpique.cat\/wp-content\/uploads\/2025\/04\/capcalera-blog-FPIQUE-1.png","articleSection":["Consejos"],"inLanguage":"es"},{"@type":"WebPage","@id":"https:\/\/www.farmaciaquimpique.cat\/es\/consejos\/dia-internacional-de-las-manchas-cutaneas\/","url":"https:\/\/www.farmaciaquimpique.cat\/es\/consejos\/dia-internacional-de-las-manchas-cutaneas\/","name":"\u00bfQu\u00e9 es el sue\u00f1o y c\u00f3mo funciona?","isPartOf":{"@id":"https:\/\/www.farmaciaquimpique.cat\/#website"},"primaryImageOfPage":{"@id":"https:\/\/www.farmaciaquimpique.cat\/es\/consejos\/dia-internacional-de-las-manchas-cutaneas\/#primaryimage"},"image":{"@id":"https:\/\/www.farmaciaquimpique.cat\/es\/consejos\/dia-internacional-de-las-manchas-cutaneas\/#primaryimage"},"thumbnailUrl":"https:\/\/www.farmaciaquimpique.cat\/wp-content\/uploads\/2025\/04\/capcalera-blog-FPIQUE-1.png","datePublished":"2025-04-30T07:58:44+00:00","dateModified":"2025-05-23T07:32:06+00:00","description":"Un sue\u00f1o reparador es fundamental para la salud f\u00edsica y mental. Sin embargo, muchas personas tienen dificultades para dormir bien.","breadcrumb":{"@id":"https:\/\/www.farmaciaquimpique.cat\/es\/consejos\/dia-internacional-de-las-manchas-cutaneas\/#breadcrumb"},"inLanguage":"es","potentialAction":[{"@type":"ReadAction","target":["https:\/\/www.farmaciaquimpique.cat\/es\/consejos\/dia-internacional-de-las-manchas-cutaneas\/"]}]},{"@type":"ImageObject","inLanguage":"es","@id":"https:\/\/www.farmaciaquimpique.cat\/es\/consejos\/dia-internacional-de-las-manchas-cutaneas\/#primaryimage","url":"https:\/\/www.farmaciaquimpique.cat\/wp-content\/uploads\/2025\/04\/capcalera-blog-FPIQUE-1.png","contentUrl":"https:\/\/www.farmaciaquimpique.cat\/wp-content\/uploads\/2025\/04\/capcalera-blog-FPIQUE-1.png","width":700,"height":400},{"@type":"BreadcrumbList","@id":"https:\/\/www.farmaciaquimpique.cat\/es\/consejos\/dia-internacional-de-las-manchas-cutaneas\/#breadcrumb","itemListElement":[{"@type":"ListItem","position":1,"name":"Inici","item":"https:\/\/www.farmaciaquimpique.cat\/es\/inicio\/"},{"@type":"ListItem","position":2,"name":"D\u00eda Internacional de las Manchas Cut\u00e1neas"}]},{"@type":"WebSite","@id":"https:\/\/www.farmaciaquimpique.cat\/#website","url":"https:\/\/www.farmaciaquimpique.cat\/","name":"Farm\u00e0cia Quim Piqu\u00e9","description":"M\u00e9s de un segle sent la teva farm\u00e0cia de refernecia","publisher":{"@id":"https:\/\/www.farmaciaquimpique.cat\/#organization"},"potentialAction":[{"@type":"SearchAction","target":{"@type":"EntryPoint","urlTemplate":"https:\/\/www.farmaciaquimpique.cat\/?s={search_term_string}"},"query-input":{"@type":"PropertyValueSpecification","valueRequired":true,"valueName":"search_term_string"}}],"inLanguage":"es"},{"@type":"Organization","@id":"https:\/\/www.farmaciaquimpique.cat\/#organization","name":"Farm\u00e0cia Quim Piqu\u00e9","url":"https:\/\/www.farmaciaquimpique.cat\/","logo":{"@type":"ImageObject","inLanguage":"es","@id":"https:\/\/www.farmaciaquimpique.cat\/#\/schema\/logo\/image\/","url":"https:\/\/www.farmaciaquimpique.cat\/wp-content\/uploads\/2021\/06\/cropped-farmPique-logo.jpg","contentUrl":"https:\/\/www.farmaciaquimpique.cat\/wp-content\/uploads\/2021\/06\/cropped-farmPique-logo.jpg","width":212,"height":66,"caption":"Farm\u00e0cia Quim Piqu\u00e9"},"image":{"@id":"https:\/\/www.farmaciaquimpique.cat\/#\/schema\/logo\/image\/"},"sameAs":["https:\/\/www.facebook.com\/FarmaciaQuimPique","https:\/\/www.instagram.com\/farmacia_quim_pique\/?hl=es"]},{"@type":"Person","@id":"https:\/\/www.farmaciaquimpique.cat\/#\/schema\/person\/11593d1e51a2c1c68a27c03218bb260b","name":"godstudiogenesis","image":{"@type":"ImageObject","inLanguage":"es","@id":"https:\/\/secure.gravatar.com\/avatar\/cd25a443b0b4914bd329e4ac131ee5565813bc540e4f718b12694f28fbfec02e?s=96&d=mm&r=g","url":"https:\/\/secure.gravatar.com\/avatar\/cd25a443b0b4914bd329e4ac131ee5565813bc540e4f718b12694f28fbfec02e?s=96&d=mm&r=g","contentUrl":"https:\/\/secure.gravatar.com\/avatar\/cd25a443b0b4914bd329e4ac131ee5565813bc540e4f718b12694f28fbfec02e?s=96&d=mm&r=g","caption":"godstudiogenesis"},"sameAs":["https:\/\/www.farmaciaquimpique.cat"],"url":"https:\/\/www.farmaciaquimpique.cat\/es\/author\/godstudiogenesis\/"}]}},"_links":{"self":[{"href":"https:\/\/www.farmaciaquimpique.cat\/es\/wp-json\/wp\/v2\/posts\/23458","targetHints":{"allow":["GET"]}}],"collection":[{"href":"https:\/\/www.farmaciaquimpique.cat\/es\/wp-json\/wp\/v2\/posts"}],"about":[{"href":"https:\/\/www.farmaciaquimpique.cat\/es\/wp-json\/wp\/v2\/types\/post"}],"author":[{"embeddable":true,"href":"https:\/\/www.farmaciaquimpique.cat\/es\/wp-json\/wp\/v2\/users\/1"}],"replies":[{"embeddable":true,"href":"https:\/\/www.farmaciaquimpique.cat\/es\/wp-json\/wp\/v2\/comments?post=23458"}],"version-history":[{"count":4,"href":"https:\/\/www.farmaciaquimpique.cat\/es\/wp-json\/wp\/v2\/posts\/23458\/revisions"}],"predecessor-version":[{"id":23484,"href":"https:\/\/www.farmaciaquimpique.cat\/es\/wp-json\/wp\/v2\/posts\/23458\/revisions\/23484"}],"wp:featuredmedia":[{"embeddable":true,"href":"https:\/\/www.farmaciaquimpique.cat\/es\/wp-json\/wp\/v2\/media\/23553"}],"wp:attachment":[{"href":"https:\/\/www.farmaciaquimpique.cat\/es\/wp-json\/wp\/v2\/media?parent=23458"}],"wp:term":[{"taxonomy":"category","embeddable":true,"href":"https:\/\/www.farmaciaquimpique.cat\/es\/wp-json\/wp\/v2\/categories?post=23458"},{"taxonomy":"post_tag","embeddable":true,"href":"https:\/\/www.farmaciaquimpique.cat\/es\/wp-json\/wp\/v2\/tags?post=23458"}],"curies":[{"name":"wp","href":"https:\/\/api.w.org\/{rel}","templated":true}]}}