{"id":23511,"date":"2025-05-14T07:23:13","date_gmt":"2025-05-14T07:23:13","guid":{"rendered":"https:\/\/www.farmaciaquimpique.cat\/sin-categorizar\/guia-para-cuidarte-la-piel-en-verano\/"},"modified":"2025-06-10T07:12:42","modified_gmt":"2025-06-10T07:12:42","slug":"guia-para-cuidarte-la-piel-en-verano","status":"publish","type":"post","link":"https:\/\/www.farmaciaquimpique.cat\/es\/consejos\/guia-para-cuidarte-la-piel-en-verano\/","title":{"rendered":"Gu\u00eda para cuidarte la piel en verano"},"content":{"rendered":"\t\t<div data-elementor-type=\"wp-post\" data-elementor-id=\"23511\" class=\"elementor elementor-23511 elementor-23464\">\n\t\t\t\t\t\t<section class=\"elementor-section elementor-top-section elementor-element elementor-element-c5e5b1f elementor-section-boxed elementor-section-height-default elementor-section-height-default sc_fly_static\" data-id=\"c5e5b1f\" data-element_type=\"section\" data-e-type=\"section\">\n\t\t\t\t\t\t<div class=\"elementor-container elementor-column-gap-extended\">\n\t\t\t\t\t<div class=\"elementor-column elementor-col-100 elementor-top-column elementor-element elementor-element-7a7cb86 sc_content_align_inherit sc_layouts_column_icons_position_left sc_fly_static\" data-id=\"7a7cb86\" data-element_type=\"column\" data-e-type=\"column\">\n\t\t\t<div class=\"elementor-widget-wrap elementor-element-populated\">\n\t\t\t\t\t\t<div class=\"elementor-element elementor-element-143faf5 sc_fly_static elementor-widget elementor-widget-text-editor\" data-id=\"143faf5\" data-element_type=\"widget\" data-e-type=\"widget\" data-widget_type=\"text-editor.default\">\n\t\t\t\t<div class=\"elementor-widget-container\">\n\t\t\t\t\t\t\t\t\t<h2><span class=\"_fadeIn_m1hgl_8\">Com<\/span><span class=\"_fadeIn_m1hgl_8\"> protegir <\/span><span class=\"_fadeIn_m1hgl_8\">i <\/span><span class=\"_fadeIn_m1hgl_8\">mantenir <\/span><span class=\"_fadeIn_m1hgl_8\">la <\/span><span class=\"_fadeIn_m1hgl_8\">salut <\/span><span class=\"_fadeIn_m1hgl_8\">de <\/span><span class=\"_fadeIn_m1hgl_8\">la <\/span><span class=\"_fadeIn_m1hgl_8\">teva <\/span><span class=\"_fadeIn_m1hgl_8\">pell <\/span><span class=\"_fadeIn_m1hgl_8\">durant <\/span><span class=\"_fadeIn_m1hgl_8\">l\u2019estiu<\/span><\/h2><p><span style=\"font-weight: 400;\">Con la llegada del verano, los d\u00edas se alargan, el sol brilla con fuerza y disfrutamos m\u00e1s que nunca del tiempo al aire libre. Pero esta \u00e9poca tambi\u00e9n supone un reto para la salud de nuestra piel. La exposici\u00f3n solar, el calor, la sal marina y el cloro de las piscinas pueden alterar el equilibrio natural.  <\/span><\/p><p><span style=\"font-weight: 400;\">Desde la Farmacia Quim Piqu\u00e9, te compartimos una gu\u00eda pr\u00e1ctica para que disfrutes del buen tiempo cuidando tu piel como se merece.<\/span><\/p>\t\t\t\t\t\t\t\t<\/div>\n\t\t\t\t<\/div>\n\t\t\t\t\t<\/div>\n\t\t<\/div>\n\t\t\t\t\t<\/div>\n\t\t<\/section>\n\t\t\t\t<section class=\"elementor-section elementor-top-section elementor-element elementor-element-398cd31 elementor-section-boxed elementor-section-height-default elementor-section-height-default sc_fly_static\" data-id=\"398cd31\" data-element_type=\"section\" data-e-type=\"section\">\n\t\t\t\t\t\t<div class=\"elementor-container elementor-column-gap-extended\">\n\t\t\t\t\t<div class=\"elementor-column elementor-col-100 elementor-top-column elementor-element elementor-element-85f6949 sc_content_align_inherit sc_layouts_column_icons_position_left sc_fly_static\" data-id=\"85f6949\" data-element_type=\"column\" data-e-type=\"column\">\n\t\t\t<div class=\"elementor-widget-wrap elementor-element-populated\">\n\t\t\t\t\t\t<div class=\"elementor-element elementor-element-3922d4b sc_fly_static elementor-widget elementor-widget-spacer\" data-id=\"3922d4b\" data-element_type=\"widget\" data-e-type=\"widget\" data-widget_type=\"spacer.default\">\n\t\t\t\t<div class=\"elementor-widget-container\">\n\t\t\t\t\t\t\t<div class=\"elementor-spacer\">\n\t\t\t<div class=\"elementor-spacer-inner\"><\/div>\n\t\t<\/div>\n\t\t\t\t\t\t<\/div>\n\t\t\t\t<\/div>\n\t\t\t\t\t<\/div>\n\t\t<\/div>\n\t\t\t\t\t<\/div>\n\t\t<\/section>\n\t\t\t\t<section class=\"elementor-section elementor-top-section elementor-element elementor-element-731e1b0 elementor-section-boxed elementor-section-height-default elementor-section-height-default sc_fly_static\" data-id=\"731e1b0\" data-element_type=\"section\" data-e-type=\"section\">\n\t\t\t\t\t\t<div class=\"elementor-container elementor-column-gap-extended\">\n\t\t\t\t\t<div class=\"elementor-column elementor-col-100 elementor-top-column elementor-element elementor-element-dc3b047 sc_content_align_inherit sc_layouts_column_icons_position_left sc_fly_static\" data-id=\"dc3b047\" data-element_type=\"column\" data-e-type=\"column\">\n\t\t\t<div class=\"elementor-widget-wrap elementor-element-populated\">\n\t\t\t\t\t\t<div class=\"elementor-element elementor-element-02375c8 sc_fly_static elementor-widget elementor-widget-heading\" data-id=\"02375c8\" data-element_type=\"widget\" data-e-type=\"widget\" data-widget_type=\"heading.default\">\n\t\t\t\t<div class=\"elementor-widget-container\">\n\t\t\t\t\t<h2 class=\"elementor-heading-title elementor-size-default\">Prot\u00e9gete del sol (siempre!)<\/h2>\t\t\t\t<\/div>\n\t\t\t\t<\/div>\n\t\t\t\t\t<\/div>\n\t\t<\/div>\n\t\t\t\t\t<\/div>\n\t\t<\/section>\n\t\t\t\t<section class=\"elementor-section elementor-top-section elementor-element elementor-element-7fecf58 elementor-section-boxed elementor-section-height-default elementor-section-height-default sc_fly_static\" data-id=\"7fecf58\" data-element_type=\"section\" data-e-type=\"section\">\n\t\t\t\t\t\t<div class=\"elementor-container elementor-column-gap-extended\">\n\t\t\t\t\t<div class=\"elementor-column elementor-col-100 elementor-top-column elementor-element elementor-element-894bc66 sc_content_align_inherit sc_layouts_column_icons_position_left sc_fly_static\" data-id=\"894bc66\" data-element_type=\"column\" data-e-type=\"column\">\n\t\t\t<div class=\"elementor-widget-wrap elementor-element-populated\">\n\t\t\t\t\t\t<div class=\"elementor-element elementor-element-1dd0fb7 sc_fly_static elementor-widget elementor-widget-text-editor\" data-id=\"1dd0fb7\" data-element_type=\"widget\" data-e-type=\"widget\" data-widget_type=\"text-editor.default\">\n\t\t\t\t<div class=\"elementor-widget-container\">\n\t\t\t\t\t\t\t\t\t<p><span style=\"font-weight: 400;\"> <\/span><\/p><p><span style=\"font-weight: 400;\">El sol nos aporta vitamina D, pero una exposici\u00f3n excesiva puede provocar quemaduras, envejecimiento prematuro e incluso problemas graves como el c\u00e1ncer de piel. Por eso, la protecci\u00f3n solar no es opcional. <\/span><\/p><ul><li style=\"font-weight: 400;\" aria-level=\"1\"><span style=\"font-weight: 400;\">Utiliza un<\/span><b> protector solar con SPF 50<\/b><span style=\"font-weight: 400;\">, tambi\u00e9n en d\u00edas nublados.<\/span><\/li><li style=\"font-weight: 400;\" aria-level=\"1\"><span style=\"font-weight: 400;\">Apl\u00edcalo <\/span><b>30 minutos antes de salir de casa<\/b><span style=\"font-weight: 400;\"> y <\/span><b>reaplica cada 2 horas<\/b><span style=\"font-weight: 400;\">, especialmente despu\u00e9s de ba\u00f1arte o sudar.<\/span><\/li><\/ul><p><span style=\"font-weight: 400;\">Recuerda las <b>zonas olvidadas<\/b>: orejas, nuca, pies y labios.<\/span><\/p><p> <\/p>\t\t\t\t\t\t\t\t<\/div>\n\t\t\t\t<\/div>\n\t\t\t\t\t<\/div>\n\t\t<\/div>\n\t\t\t\t\t<\/div>\n\t\t<\/section>\n\t\t\t\t<section class=\"elementor-section elementor-top-section elementor-element elementor-element-79a503f elementor-section-boxed elementor-section-height-default elementor-section-height-default sc_fly_static\" data-id=\"79a503f\" data-element_type=\"section\" data-e-type=\"section\">\n\t\t\t\t\t\t<div class=\"elementor-container elementor-column-gap-extended\">\n\t\t\t\t\t<div class=\"elementor-column elementor-col-100 elementor-top-column elementor-element elementor-element-03d6066 sc_content_align_inherit sc_layouts_column_icons_position_left sc_fly_static\" data-id=\"03d6066\" data-element_type=\"column\" data-e-type=\"column\">\n\t\t\t<div class=\"elementor-widget-wrap elementor-element-populated\">\n\t\t\t\t\t\t<div class=\"elementor-element elementor-element-c690c77 sc_fly_static elementor-widget elementor-widget-image\" data-id=\"c690c77\" data-element_type=\"widget\" data-e-type=\"widget\" data-widget_type=\"image.default\">\n\t\t\t\t<div class=\"elementor-widget-container\">\n\t\t\t\t\t\t\t\t\t\t\t\t\t\t\t<img fetchpriority=\"high\" decoding=\"async\" width=\"1024\" height=\"413\" src=\"https:\/\/www.farmaciaquimpique.cat\/wp-content\/uploads\/2025\/05\/Captura-de-pantalla-2025-05-15-a-las-11.52.21-1024x413.png\" class=\"attachment-large size-large wp-image-23475\" alt=\"Hermosa mujer sonriente que se aplica protector solar en la cara mientras mira a la c\u00e1mara en la playa\" srcset=\"https:\/\/www.farmaciaquimpique.cat\/wp-content\/uploads\/2025\/05\/Captura-de-pantalla-2025-05-15-a-las-11.52.21-1024x413.png 1024w, https:\/\/www.farmaciaquimpique.cat\/wp-content\/uploads\/2025\/05\/Captura-de-pantalla-2025-05-15-a-las-11.52.21-300x121.png 300w, https:\/\/www.farmaciaquimpique.cat\/wp-content\/uploads\/2025\/05\/Captura-de-pantalla-2025-05-15-a-las-11.52.21-768x310.png 768w, https:\/\/www.farmaciaquimpique.cat\/wp-content\/uploads\/2025\/05\/Captura-de-pantalla-2025-05-15-a-las-11.52.21-1536x619.png 1536w, https:\/\/www.farmaciaquimpique.cat\/wp-content\/uploads\/2025\/05\/Captura-de-pantalla-2025-05-15-a-las-11.52.21-370x149.png 370w, https:\/\/www.farmaciaquimpique.cat\/wp-content\/uploads\/2025\/05\/Captura-de-pantalla-2025-05-15-a-las-11.52.21-840x339.png 840w, https:\/\/www.farmaciaquimpique.cat\/wp-content\/uploads\/2025\/05\/Captura-de-pantalla-2025-05-15-a-las-11.52.21-410x165.png 410w, https:\/\/www.farmaciaquimpique.cat\/wp-content\/uploads\/2025\/05\/Captura-de-pantalla-2025-05-15-a-las-11.52.21.png 1990w\" sizes=\"(max-width: 1024px) 100vw, 1024px\" \/>\t\t\t\t\t\t\t\t\t\t\t\t\t\t\t<\/div>\n\t\t\t\t<\/div>\n\t\t\t\t<div class=\"elementor-element elementor-element-d2c7e31 sc_fly_static elementor-widget elementor-widget-spacer\" data-id=\"d2c7e31\" data-element_type=\"widget\" data-e-type=\"widget\" data-widget_type=\"spacer.default\">\n\t\t\t\t<div class=\"elementor-widget-container\">\n\t\t\t\t\t\t\t<div class=\"elementor-spacer\">\n\t\t\t<div class=\"elementor-spacer-inner\"><\/div>\n\t\t<\/div>\n\t\t\t\t\t\t<\/div>\n\t\t\t\t<\/div>\n\t\t\t\t<div class=\"elementor-element elementor-element-d133b21 elementor-widget__width-initial sc_fly_static elementor-widget elementor-widget-heading\" data-id=\"d133b21\" data-element_type=\"widget\" data-e-type=\"widget\" data-widget_type=\"heading.default\">\n\t\t\t\t<div class=\"elementor-widget-container\">\n\t\t\t\t\t<h2 class=\"elementor-heading-title elementor-size-default\">Hidr\u00e1tate por dentro y por fuera<\/h2>\t\t\t\t<\/div>\n\t\t\t\t<\/div>\n\t\t\t\t\t<\/div>\n\t\t<\/div>\n\t\t\t\t\t<\/div>\n\t\t<\/section>\n\t\t\t\t<section class=\"elementor-section elementor-top-section elementor-element elementor-element-0a83969 elementor-section-boxed elementor-section-height-default elementor-section-height-default sc_fly_static\" data-id=\"0a83969\" data-element_type=\"section\" data-e-type=\"section\">\n\t\t\t\t\t\t<div class=\"elementor-container elementor-column-gap-extended\">\n\t\t\t\t\t<div class=\"elementor-column elementor-col-100 elementor-top-column elementor-element elementor-element-dfdfac2 sc_content_align_inherit sc_layouts_column_icons_position_left sc_fly_static\" data-id=\"dfdfac2\" data-element_type=\"column\" data-e-type=\"column\">\n\t\t\t<div class=\"elementor-widget-wrap elementor-element-populated\">\n\t\t\t\t\t\t<div class=\"elementor-element elementor-element-06cadf2 sc_fly_static elementor-widget elementor-widget-text-editor\" data-id=\"06cadf2\" data-element_type=\"widget\" data-e-type=\"widget\" data-widget_type=\"text-editor.default\">\n\t\t\t\t<div class=\"elementor-widget-container\">\n\t\t\t\t\t\t\t\t\t<p> <\/p><p><span style=\"font-weight: 400;\">La alta temperatura nos hace perder l\u00edquidos m\u00e1s r\u00e1pidamente, y esto tambi\u00e9n afecta la piel.<\/span><\/p><ul><li style=\"font-weight: 400;\" aria-level=\"1\"><span style=\"font-weight: 400;\">Bebe entre <\/span><b>1,5 y 2 litros de agua en el d\u00eda<\/b><span style=\"font-weight: 400;\">.<\/span><span style=\"font-weight: 400;\"><br><br><\/span><\/li><li style=\"font-weight: 400;\" aria-level=\"1\"><span style=\"font-weight: 400;\">Utiliza <\/span><b>cremas hidratantes ligeras y no comedog\u00e8nicas<\/b><span style=\"font-weight: 400;\">, que no obstruyan los poros.<\/span><span style=\"font-weight: 400;\"><br><br><\/span><\/li><\/ul><p><span style=\"font-weight: 400;\">Un <\/span><b>espray facial con agua termal<\/b><span style=\"font-weight: 400;\"> es ideal para refrescarte a lo largo del d\u00eda.<\/span><span style=\"font-weight: 400;\"><br><\/span><\/p>\t\t\t\t\t\t\t\t<\/div>\n\t\t\t\t<\/div>\n\t\t\t\t<div class=\"elementor-element elementor-element-533d2b1 sc_fly_static elementor-widget elementor-widget-spacer\" data-id=\"533d2b1\" data-element_type=\"widget\" data-e-type=\"widget\" data-widget_type=\"spacer.default\">\n\t\t\t\t<div class=\"elementor-widget-container\">\n\t\t\t\t\t\t\t<div class=\"elementor-spacer\">\n\t\t\t<div class=\"elementor-spacer-inner\"><\/div>\n\t\t<\/div>\n\t\t\t\t\t\t<\/div>\n\t\t\t\t<\/div>\n\t\t\t\t<div class=\"elementor-element elementor-element-08d25a8 sc_fly_static elementor-widget elementor-widget-heading\" data-id=\"08d25a8\" data-element_type=\"widget\" data-e-type=\"widget\" data-widget_type=\"heading.default\">\n\t\t\t\t<div class=\"elementor-widget-container\">\n\t\t\t\t\t<h2 class=\"elementor-heading-title elementor-size-default\">Limpia y exfolia con suavidad<\/h2>\t\t\t\t<\/div>\n\t\t\t\t<\/div>\n\t\t\t\t<div class=\"elementor-element elementor-element-6f34e6c sc_fly_static elementor-widget elementor-widget-text-editor\" data-id=\"6f34e6c\" data-element_type=\"widget\" data-e-type=\"widget\" data-widget_type=\"text-editor.default\">\n\t\t\t\t<div class=\"elementor-widget-container\">\n\t\t\t\t\t\t\t\t\t<p><span style=\"font-weight: 400;\"> <\/span><\/p><p><span style=\"font-weight: 400;\">En esta \u00e9poca, los poros pueden obstruirse por la acumulaci\u00f3n de sudor, quema solar y part\u00edculas de contaminaci\u00f3n.<\/span><\/p><ul><li style=\"font-weight: 400;\" aria-level=\"1\"><span style=\"font-weight: 400;\">L\u00edmpiate la cara <\/span><b>cada d\u00eda con un producto suave<\/b><span style=\"font-weight: 400;\">, adaptado a tu tipo de piel.<\/span><\/li><li style=\"font-weight: 400;\" aria-level=\"1\"><span style=\"font-weight: 400;\">Exfolia <\/span><b>1 o 2 veces por semana<\/b><span style=\"font-weight: 400;\">, para eliminar c\u00e9lulas muertas y favorecer la renovaci\u00f3n celular.<\/span><span style=\"font-weight: 400;\"><br><\/span><\/li><\/ul><p><span style=\"font-weight: 400;\">Evita exfoliar demasiado a menudo por no irritar la piel.<\/span><span style=\"font-weight: 400;\"><br><\/span><\/p><p><span style=\"font-weight: 400;\"> <\/span><\/p>\t\t\t\t\t\t\t\t<\/div>\n\t\t\t\t<\/div>\n\t\t\t\t<div class=\"elementor-element elementor-element-868a39f sc_fly_static elementor-widget elementor-widget-image\" data-id=\"868a39f\" data-element_type=\"widget\" data-e-type=\"widget\" data-widget_type=\"image.default\">\n\t\t\t\t<div class=\"elementor-widget-container\">\n\t\t\t\t\t\t\t\t\t\t\t\t\t\t\t<img decoding=\"async\" width=\"1024\" height=\"403\" src=\"https:\/\/www.farmaciaquimpique.cat\/wp-content\/uploads\/2025\/05\/Captura-de-pantalla-2025-05-15-a-las-11.54.10-1024x403.png\" class=\"attachment-large size-large wp-image-23477\" alt=\"Masajista aplicando exfoliaci\u00f3n corporal en la espalda chica\" srcset=\"https:\/\/www.farmaciaquimpique.cat\/wp-content\/uploads\/2025\/05\/Captura-de-pantalla-2025-05-15-a-las-11.54.10-1024x403.png 1024w, https:\/\/www.farmaciaquimpique.cat\/wp-content\/uploads\/2025\/05\/Captura-de-pantalla-2025-05-15-a-las-11.54.10-300x118.png 300w, https:\/\/www.farmaciaquimpique.cat\/wp-content\/uploads\/2025\/05\/Captura-de-pantalla-2025-05-15-a-las-11.54.10-768x302.png 768w, https:\/\/www.farmaciaquimpique.cat\/wp-content\/uploads\/2025\/05\/Captura-de-pantalla-2025-05-15-a-las-11.54.10-1536x604.png 1536w, https:\/\/www.farmaciaquimpique.cat\/wp-content\/uploads\/2025\/05\/Captura-de-pantalla-2025-05-15-a-las-11.54.10-2048x806.png 2048w, https:\/\/www.farmaciaquimpique.cat\/wp-content\/uploads\/2025\/05\/Captura-de-pantalla-2025-05-15-a-las-11.54.10-370x146.png 370w, https:\/\/www.farmaciaquimpique.cat\/wp-content\/uploads\/2025\/05\/Captura-de-pantalla-2025-05-15-a-las-11.54.10-840x330.png 840w, https:\/\/www.farmaciaquimpique.cat\/wp-content\/uploads\/2025\/05\/Captura-de-pantalla-2025-05-15-a-las-11.54.10-410x161.png 410w\" sizes=\"(max-width: 1024px) 100vw, 1024px\" \/>\t\t\t\t\t\t\t\t\t\t\t\t\t\t\t<\/div>\n\t\t\t\t<\/div>\n\t\t\t\t<div class=\"elementor-element elementor-element-2900f66 sc_fly_static elementor-widget elementor-widget-spacer\" data-id=\"2900f66\" data-element_type=\"widget\" data-e-type=\"widget\" data-widget_type=\"spacer.default\">\n\t\t\t\t<div class=\"elementor-widget-container\">\n\t\t\t\t\t\t\t<div class=\"elementor-spacer\">\n\t\t\t<div class=\"elementor-spacer-inner\"><\/div>\n\t\t<\/div>\n\t\t\t\t\t\t<\/div>\n\t\t\t\t<\/div>\n\t\t\t\t<div class=\"elementor-element elementor-element-0ecc170 sc_fly_static elementor-widget elementor-widget-heading\" data-id=\"0ecc170\" data-element_type=\"widget\" data-e-type=\"widget\" data-widget_type=\"heading.default\">\n\t\t\t\t<div class=\"elementor-widget-container\">\n\t\t\t\t\t<h2 class=\"elementor-heading-title elementor-size-default\">Cu\u00eddate despu\u00e9s del sol\n<\/h2>\t\t\t\t<\/div>\n\t\t\t\t<\/div>\n\t\t\t\t<div class=\"elementor-element elementor-element-812f096 sc_fly_static elementor-widget elementor-widget-text-editor\" data-id=\"812f096\" data-element_type=\"widget\" data-e-type=\"widget\" data-widget_type=\"text-editor.default\">\n\t\t\t\t<div class=\"elementor-widget-container\">\n\t\t\t\t\t\t\t\t\t<p> <\/p><p><span style=\"font-weight: 400;\">Despu\u00e9s de un d\u00eda de playa o piscina, la piel necesita recuperarse.<\/span><\/p><ul><li style=\"font-weight: 400;\" aria-level=\"1\"><span style=\"font-weight: 400;\">D\u00fachate con <\/span><b>agua tibia y jabones suaves<\/b><span style=\"font-weight: 400;\">, para eliminar sal y cloro sin agredir la piel.<\/span><p> <\/p><\/li><li style=\"font-weight: 400;\" aria-level=\"1\"><span style=\"font-weight: 400;\">Aplica un <\/span><b>after sun o una loci\u00f3n calmante<\/b><span style=\"font-weight: 400;\"> para rehidratar y regenerar.<\/span><\/li><\/ul><p><span style=\"font-weight: 400;\">Evita productos con <\/span><b>alcohol o perfumes fuertes<\/b><span style=\"font-weight: 400;\">, que pueden irritar.<\/span><\/p>\t\t\t\t\t\t\t\t<\/div>\n\t\t\t\t<\/div>\n\t\t\t\t<div class=\"elementor-element elementor-element-5913b84 sc_fly_static elementor-widget elementor-widget-spacer\" data-id=\"5913b84\" data-element_type=\"widget\" data-e-type=\"widget\" data-widget_type=\"spacer.default\">\n\t\t\t\t<div class=\"elementor-widget-container\">\n\t\t\t\t\t\t\t<div class=\"elementor-spacer\">\n\t\t\t<div class=\"elementor-spacer-inner\"><\/div>\n\t\t<\/div>\n\t\t\t\t\t\t<\/div>\n\t\t\t\t<\/div>\n\t\t\t\t<div class=\"elementor-element elementor-element-85c9ab9 sc_fly_static elementor-widget elementor-widget-heading\" data-id=\"85c9ab9\" data-element_type=\"widget\" data-e-type=\"widget\" data-widget_type=\"heading.default\">\n\t\t\t\t<div class=\"elementor-widget-container\">\n\t\t\t\t\t<h2 class=\"elementor-heading-title elementor-size-default\">Alimentaci\u00f3n rica en antioxidantes<\/h2>\t\t\t\t<\/div>\n\t\t\t\t<\/div>\n\t\t\t\t<div class=\"elementor-element elementor-element-674ffcb sc_fly_static elementor-widget elementor-widget-text-editor\" data-id=\"674ffcb\" data-element_type=\"widget\" data-e-type=\"widget\" data-widget_type=\"text-editor.default\">\n\t\t\t\t<div class=\"elementor-widget-container\">\n\t\t\t\t\t\t\t\t\t<p> <\/p><p><span style=\"font-weight: 400;\">Una piel sana empieza desde dentro. El que comemos juega un papel clave en su salud y apariencia. <\/span><\/p><ul><li style=\"font-weight: 400;\" aria-level=\"1\"><span style=\"font-weight: 400;\">Dale preferencia a <\/span><b>frutas y verduras de temporada<\/b><span style=\"font-weight: 400;\"> como la zanahoria, tomate, sand\u00eda, frutos rojos o pimiento rojo.<\/span><\/li><li style=\"font-weight: 400;\" aria-level=\"1\"><span style=\"font-weight: 400;\">Los <\/span><b>antioxidantes<\/b><span style=\"font-weight: 400;\"> que contienen ayudan a combatir los radicales libres y mantener la piel<\/span><b> joven, luminosa y protegida<\/b><span style=\"font-weight: 400;\">.<\/span><\/li><\/ul><p><span style=\"font-weight: 400;\">A la Farmacia Quim Piqu\u00e9, te ayudamos a encontrar los productos m\u00e1s adecuados para tu rutina veraniega. <a href=\"https:\/\/www.google.com\/maps\/dir\/\/Av.+del+President+Maci%C3%A0,+23,+43204+Reus,+Tarragona\/@41.1504162,1.0304775,12z\/data=!4m8!4m7!1m0!1m5!1m1!1s0x12a150e279c0575b:0xb4a61e551552f1c3!2m2!1d1.1128783!2d41.1504456?entry=ttu&amp;g_ep=EgoyMDI1MDYwMy4wIKXMDSoASAFQAw%3D%3D\">Pasa a vernos<\/a> o contacta con nosotros para asesorarte personalmente.<\/span><\/p><p><b>Este verano, cu\u00eddate la piel\u2026 y disfruta del <a href=\"https:\/\/medicaments.gencat.cat\/ca\/ciutadania\/informacio-i-consells\/prevencio\/estil-de-vida-saludable-el-sol-un-plaer-amb-precaucio\/\">sol con responsabilidad<\/a>!<\/b><\/p>\t\t\t\t\t\t\t\t<\/div>\n\t\t\t\t<\/div>\n\t\t\t\t\t<\/div>\n\t\t<\/div>\n\t\t\t\t\t<\/div>\n\t\t<\/section>\n\t\t\t\t<\/div>\n\t\t","protected":false},"excerpt":{"rendered":"<p>Com protegir i mantenir la salut de la teva pell durant l\u2019estiu Con la llegada del verano, los d\u00edas se alargan, el sol brilla con fuerza y disfrutamos m\u00e1s que&hellip;<\/p>\n","protected":false},"author":1,"featured_media":23548,"comment_status":"closed","ping_status":"closed","sticky":false,"template":"","format":"standard","meta":{"footnotes":""},"categories":[236],"tags":[],"class_list":["post-23511","post","type-post","status-publish","format-standard","has-post-thumbnail","hentry","category-consejos"],"yoast_head":"<!-- This site is optimized with the Yoast SEO plugin v27.4 - https:\/\/yoast.com\/product\/yoast-seo-wordpress\/ -->\n<title>\u00bfQu\u00e9 es el sue\u00f1o y c\u00f3mo funciona?<\/title>\n<meta name=\"description\" content=\"Un sue\u00f1o reparador es fundamental para la salud f\u00edsica y mental. Sin embargo, muchas personas tienen dificultades para dormir bien.\" \/>\n<meta name=\"robots\" content=\"index, follow, max-snippet:-1, max-image-preview:large, max-video-preview:-1\" \/>\n<link rel=\"canonical\" href=\"https:\/\/www.farmaciaquimpique.cat\/es\/consejos\/guia-para-cuidarte-la-piel-en-verano\/\" \/>\n<meta property=\"og:locale\" content=\"es_ES\" \/>\n<meta property=\"og:type\" content=\"article\" \/>\n<meta property=\"og:title\" content=\"\u00bfQu\u00e9 es el sue\u00f1o y c\u00f3mo funciona?\" \/>\n<meta property=\"og:description\" content=\"Un sue\u00f1o reparador es fundamental para la salud f\u00edsica y mental. Sin embargo, muchas personas tienen dificultades para dormir bien.\" \/>\n<meta property=\"og:url\" content=\"https:\/\/www.farmaciaquimpique.cat\/es\/consejos\/guia-para-cuidarte-la-piel-en-verano\/\" \/>\n<meta property=\"og:site_name\" content=\"Farm\u00e0cia Quim Piqu\u00e9\" \/>\n<meta property=\"article:publisher\" content=\"https:\/\/www.facebook.com\/FarmaciaQuimPique\" \/>\n<meta property=\"article:published_time\" content=\"2025-05-14T07:23:13+00:00\" \/>\n<meta property=\"article:modified_time\" content=\"2025-06-10T07:12:42+00:00\" \/>\n<meta property=\"og:image\" content=\"https:\/\/www.farmaciaquimpique.cat\/wp-content\/uploads\/2025\/05\/capcalera-blog-FPIQUE.png\" \/>\n\t<meta property=\"og:image:width\" content=\"700\" \/>\n\t<meta property=\"og:image:height\" content=\"400\" \/>\n\t<meta property=\"og:image:type\" content=\"image\/png\" \/>\n<meta name=\"author\" content=\"godstudiogenesis\" \/>\n<meta name=\"twitter:card\" content=\"summary_large_image\" \/>\n<meta name=\"twitter:label1\" content=\"Escrito por\" \/>\n\t<meta name=\"twitter:data1\" content=\"godstudiogenesis\" \/>\n\t<meta name=\"twitter:label2\" content=\"Tiempo de lectura\" \/>\n\t<meta name=\"twitter:data2\" content=\"2 minutos\" \/>\n<script type=\"application\/ld+json\" class=\"yoast-schema-graph\">{\"@context\":\"https:\\\/\\\/schema.org\",\"@graph\":[{\"@type\":\"Article\",\"@id\":\"https:\\\/\\\/www.farmaciaquimpique.cat\\\/es\\\/consejos\\\/guia-para-cuidarte-la-piel-en-verano\\\/#article\",\"isPartOf\":{\"@id\":\"https:\\\/\\\/www.farmaciaquimpique.cat\\\/es\\\/consejos\\\/guia-para-cuidarte-la-piel-en-verano\\\/\"},\"author\":{\"name\":\"godstudiogenesis\",\"@id\":\"https:\\\/\\\/www.farmaciaquimpique.cat\\\/#\\\/schema\\\/person\\\/11593d1e51a2c1c68a27c03218bb260b\"},\"headline\":\"Gu\u00eda para cuidarte la piel en verano\",\"datePublished\":\"2025-05-14T07:23:13+00:00\",\"dateModified\":\"2025-06-10T07:12:42+00:00\",\"mainEntityOfPage\":{\"@id\":\"https:\\\/\\\/www.farmaciaquimpique.cat\\\/es\\\/consejos\\\/guia-para-cuidarte-la-piel-en-verano\\\/\"},\"wordCount\":480,\"publisher\":{\"@id\":\"https:\\\/\\\/www.farmaciaquimpique.cat\\\/#organization\"},\"image\":{\"@id\":\"https:\\\/\\\/www.farmaciaquimpique.cat\\\/es\\\/consejos\\\/guia-para-cuidarte-la-piel-en-verano\\\/#primaryimage\"},\"thumbnailUrl\":\"https:\\\/\\\/www.farmaciaquimpique.cat\\\/wp-content\\\/uploads\\\/2025\\\/05\\\/capcalera-blog-FPIQUE.png\",\"articleSection\":[\"Consejos\"],\"inLanguage\":\"es\"},{\"@type\":\"WebPage\",\"@id\":\"https:\\\/\\\/www.farmaciaquimpique.cat\\\/es\\\/consejos\\\/guia-para-cuidarte-la-piel-en-verano\\\/\",\"url\":\"https:\\\/\\\/www.farmaciaquimpique.cat\\\/es\\\/consejos\\\/guia-para-cuidarte-la-piel-en-verano\\\/\",\"name\":\"\u00bfQu\u00e9 es el sue\u00f1o y c\u00f3mo funciona?\",\"isPartOf\":{\"@id\":\"https:\\\/\\\/www.farmaciaquimpique.cat\\\/#website\"},\"primaryImageOfPage\":{\"@id\":\"https:\\\/\\\/www.farmaciaquimpique.cat\\\/es\\\/consejos\\\/guia-para-cuidarte-la-piel-en-verano\\\/#primaryimage\"},\"image\":{\"@id\":\"https:\\\/\\\/www.farmaciaquimpique.cat\\\/es\\\/consejos\\\/guia-para-cuidarte-la-piel-en-verano\\\/#primaryimage\"},\"thumbnailUrl\":\"https:\\\/\\\/www.farmaciaquimpique.cat\\\/wp-content\\\/uploads\\\/2025\\\/05\\\/capcalera-blog-FPIQUE.png\",\"datePublished\":\"2025-05-14T07:23:13+00:00\",\"dateModified\":\"2025-06-10T07:12:42+00:00\",\"description\":\"Un sue\u00f1o reparador es fundamental para la salud f\u00edsica y mental. Sin embargo, muchas personas tienen dificultades para dormir bien.\",\"breadcrumb\":{\"@id\":\"https:\\\/\\\/www.farmaciaquimpique.cat\\\/es\\\/consejos\\\/guia-para-cuidarte-la-piel-en-verano\\\/#breadcrumb\"},\"inLanguage\":\"es\",\"potentialAction\":[{\"@type\":\"ReadAction\",\"target\":[\"https:\\\/\\\/www.farmaciaquimpique.cat\\\/es\\\/consejos\\\/guia-para-cuidarte-la-piel-en-verano\\\/\"]}]},{\"@type\":\"ImageObject\",\"inLanguage\":\"es\",\"@id\":\"https:\\\/\\\/www.farmaciaquimpique.cat\\\/es\\\/consejos\\\/guia-para-cuidarte-la-piel-en-verano\\\/#primaryimage\",\"url\":\"https:\\\/\\\/www.farmaciaquimpique.cat\\\/wp-content\\\/uploads\\\/2025\\\/05\\\/capcalera-blog-FPIQUE.png\",\"contentUrl\":\"https:\\\/\\\/www.farmaciaquimpique.cat\\\/wp-content\\\/uploads\\\/2025\\\/05\\\/capcalera-blog-FPIQUE.png\",\"width\":700,\"height\":400},{\"@type\":\"BreadcrumbList\",\"@id\":\"https:\\\/\\\/www.farmaciaquimpique.cat\\\/es\\\/consejos\\\/guia-para-cuidarte-la-piel-en-verano\\\/#breadcrumb\",\"itemListElement\":[{\"@type\":\"ListItem\",\"position\":1,\"name\":\"Inici\",\"item\":\"https:\\\/\\\/www.farmaciaquimpique.cat\\\/es\\\/inicio\\\/\"},{\"@type\":\"ListItem\",\"position\":2,\"name\":\"Gu\u00eda para cuidarte la piel en verano\"}]},{\"@type\":\"WebSite\",\"@id\":\"https:\\\/\\\/www.farmaciaquimpique.cat\\\/#website\",\"url\":\"https:\\\/\\\/www.farmaciaquimpique.cat\\\/\",\"name\":\"Farm\u00e0cia Quim Piqu\u00e9\",\"description\":\"M\u00e9s de un segle sent la teva farm\u00e0cia de refernecia\",\"publisher\":{\"@id\":\"https:\\\/\\\/www.farmaciaquimpique.cat\\\/#organization\"},\"potentialAction\":[{\"@type\":\"SearchAction\",\"target\":{\"@type\":\"EntryPoint\",\"urlTemplate\":\"https:\\\/\\\/www.farmaciaquimpique.cat\\\/?s={search_term_string}\"},\"query-input\":{\"@type\":\"PropertyValueSpecification\",\"valueRequired\":true,\"valueName\":\"search_term_string\"}}],\"inLanguage\":\"es\"},{\"@type\":\"Organization\",\"@id\":\"https:\\\/\\\/www.farmaciaquimpique.cat\\\/#organization\",\"name\":\"Farm\u00e0cia Quim Piqu\u00e9\",\"url\":\"https:\\\/\\\/www.farmaciaquimpique.cat\\\/\",\"logo\":{\"@type\":\"ImageObject\",\"inLanguage\":\"es\",\"@id\":\"https:\\\/\\\/www.farmaciaquimpique.cat\\\/#\\\/schema\\\/logo\\\/image\\\/\",\"url\":\"https:\\\/\\\/www.farmaciaquimpique.cat\\\/wp-content\\\/uploads\\\/2021\\\/06\\\/cropped-farmPique-logo.jpg\",\"contentUrl\":\"https:\\\/\\\/www.farmaciaquimpique.cat\\\/wp-content\\\/uploads\\\/2021\\\/06\\\/cropped-farmPique-logo.jpg\",\"width\":212,\"height\":66,\"caption\":\"Farm\u00e0cia Quim Piqu\u00e9\"},\"image\":{\"@id\":\"https:\\\/\\\/www.farmaciaquimpique.cat\\\/#\\\/schema\\\/logo\\\/image\\\/\"},\"sameAs\":[\"https:\\\/\\\/www.facebook.com\\\/FarmaciaQuimPique\",\"https:\\\/\\\/www.instagram.com\\\/farmacia_quim_pique\\\/?hl=es\"]},{\"@type\":\"Person\",\"@id\":\"https:\\\/\\\/www.farmaciaquimpique.cat\\\/#\\\/schema\\\/person\\\/11593d1e51a2c1c68a27c03218bb260b\",\"name\":\"godstudiogenesis\",\"image\":{\"@type\":\"ImageObject\",\"inLanguage\":\"es\",\"@id\":\"https:\\\/\\\/secure.gravatar.com\\\/avatar\\\/cd25a443b0b4914bd329e4ac131ee5565813bc540e4f718b12694f28fbfec02e?s=96&d=mm&r=g\",\"url\":\"https:\\\/\\\/secure.gravatar.com\\\/avatar\\\/cd25a443b0b4914bd329e4ac131ee5565813bc540e4f718b12694f28fbfec02e?s=96&d=mm&r=g\",\"contentUrl\":\"https:\\\/\\\/secure.gravatar.com\\\/avatar\\\/cd25a443b0b4914bd329e4ac131ee5565813bc540e4f718b12694f28fbfec02e?s=96&d=mm&r=g\",\"caption\":\"godstudiogenesis\"},\"sameAs\":[\"https:\\\/\\\/www.farmaciaquimpique.cat\"],\"url\":\"https:\\\/\\\/www.farmaciaquimpique.cat\\\/es\\\/author\\\/godstudiogenesis\\\/\"}]}<\/script>\n<!-- \/ Yoast SEO plugin. -->","yoast_head_json":{"title":"\u00bfQu\u00e9 es el sue\u00f1o y c\u00f3mo funciona?","description":"Un sue\u00f1o reparador es fundamental para la salud f\u00edsica y mental. Sin embargo, muchas personas tienen dificultades para dormir bien.","robots":{"index":"index","follow":"follow","max-snippet":"max-snippet:-1","max-image-preview":"max-image-preview:large","max-video-preview":"max-video-preview:-1"},"canonical":"https:\/\/www.farmaciaquimpique.cat\/es\/consejos\/guia-para-cuidarte-la-piel-en-verano\/","og_locale":"es_ES","og_type":"article","og_title":"\u00bfQu\u00e9 es el sue\u00f1o y c\u00f3mo funciona?","og_description":"Un sue\u00f1o reparador es fundamental para la salud f\u00edsica y mental. Sin embargo, muchas personas tienen dificultades para dormir bien.","og_url":"https:\/\/www.farmaciaquimpique.cat\/es\/consejos\/guia-para-cuidarte-la-piel-en-verano\/","og_site_name":"Farm\u00e0cia Quim Piqu\u00e9","article_publisher":"https:\/\/www.facebook.com\/FarmaciaQuimPique","article_published_time":"2025-05-14T07:23:13+00:00","article_modified_time":"2025-06-10T07:12:42+00:00","og_image":[{"width":700,"height":400,"url":"https:\/\/www.farmaciaquimpique.cat\/wp-content\/uploads\/2025\/05\/capcalera-blog-FPIQUE.png","type":"image\/png"}],"author":"godstudiogenesis","twitter_card":"summary_large_image","twitter_misc":{"Escrito por":"godstudiogenesis","Tiempo de lectura":"2 minutos"},"schema":{"@context":"https:\/\/schema.org","@graph":[{"@type":"Article","@id":"https:\/\/www.farmaciaquimpique.cat\/es\/consejos\/guia-para-cuidarte-la-piel-en-verano\/#article","isPartOf":{"@id":"https:\/\/www.farmaciaquimpique.cat\/es\/consejos\/guia-para-cuidarte-la-piel-en-verano\/"},"author":{"name":"godstudiogenesis","@id":"https:\/\/www.farmaciaquimpique.cat\/#\/schema\/person\/11593d1e51a2c1c68a27c03218bb260b"},"headline":"Gu\u00eda para cuidarte la piel en verano","datePublished":"2025-05-14T07:23:13+00:00","dateModified":"2025-06-10T07:12:42+00:00","mainEntityOfPage":{"@id":"https:\/\/www.farmaciaquimpique.cat\/es\/consejos\/guia-para-cuidarte-la-piel-en-verano\/"},"wordCount":480,"publisher":{"@id":"https:\/\/www.farmaciaquimpique.cat\/#organization"},"image":{"@id":"https:\/\/www.farmaciaquimpique.cat\/es\/consejos\/guia-para-cuidarte-la-piel-en-verano\/#primaryimage"},"thumbnailUrl":"https:\/\/www.farmaciaquimpique.cat\/wp-content\/uploads\/2025\/05\/capcalera-blog-FPIQUE.png","articleSection":["Consejos"],"inLanguage":"es"},{"@type":"WebPage","@id":"https:\/\/www.farmaciaquimpique.cat\/es\/consejos\/guia-para-cuidarte-la-piel-en-verano\/","url":"https:\/\/www.farmaciaquimpique.cat\/es\/consejos\/guia-para-cuidarte-la-piel-en-verano\/","name":"\u00bfQu\u00e9 es el sue\u00f1o y c\u00f3mo funciona?","isPartOf":{"@id":"https:\/\/www.farmaciaquimpique.cat\/#website"},"primaryImageOfPage":{"@id":"https:\/\/www.farmaciaquimpique.cat\/es\/consejos\/guia-para-cuidarte-la-piel-en-verano\/#primaryimage"},"image":{"@id":"https:\/\/www.farmaciaquimpique.cat\/es\/consejos\/guia-para-cuidarte-la-piel-en-verano\/#primaryimage"},"thumbnailUrl":"https:\/\/www.farmaciaquimpique.cat\/wp-content\/uploads\/2025\/05\/capcalera-blog-FPIQUE.png","datePublished":"2025-05-14T07:23:13+00:00","dateModified":"2025-06-10T07:12:42+00:00","description":"Un sue\u00f1o reparador es fundamental para la salud f\u00edsica y mental. Sin embargo, muchas personas tienen dificultades para dormir bien.","breadcrumb":{"@id":"https:\/\/www.farmaciaquimpique.cat\/es\/consejos\/guia-para-cuidarte-la-piel-en-verano\/#breadcrumb"},"inLanguage":"es","potentialAction":[{"@type":"ReadAction","target":["https:\/\/www.farmaciaquimpique.cat\/es\/consejos\/guia-para-cuidarte-la-piel-en-verano\/"]}]},{"@type":"ImageObject","inLanguage":"es","@id":"https:\/\/www.farmaciaquimpique.cat\/es\/consejos\/guia-para-cuidarte-la-piel-en-verano\/#primaryimage","url":"https:\/\/www.farmaciaquimpique.cat\/wp-content\/uploads\/2025\/05\/capcalera-blog-FPIQUE.png","contentUrl":"https:\/\/www.farmaciaquimpique.cat\/wp-content\/uploads\/2025\/05\/capcalera-blog-FPIQUE.png","width":700,"height":400},{"@type":"BreadcrumbList","@id":"https:\/\/www.farmaciaquimpique.cat\/es\/consejos\/guia-para-cuidarte-la-piel-en-verano\/#breadcrumb","itemListElement":[{"@type":"ListItem","position":1,"name":"Inici","item":"https:\/\/www.farmaciaquimpique.cat\/es\/inicio\/"},{"@type":"ListItem","position":2,"name":"Gu\u00eda para cuidarte la piel en verano"}]},{"@type":"WebSite","@id":"https:\/\/www.farmaciaquimpique.cat\/#website","url":"https:\/\/www.farmaciaquimpique.cat\/","name":"Farm\u00e0cia Quim Piqu\u00e9","description":"M\u00e9s de un segle sent la teva farm\u00e0cia de refernecia","publisher":{"@id":"https:\/\/www.farmaciaquimpique.cat\/#organization"},"potentialAction":[{"@type":"SearchAction","target":{"@type":"EntryPoint","urlTemplate":"https:\/\/www.farmaciaquimpique.cat\/?s={search_term_string}"},"query-input":{"@type":"PropertyValueSpecification","valueRequired":true,"valueName":"search_term_string"}}],"inLanguage":"es"},{"@type":"Organization","@id":"https:\/\/www.farmaciaquimpique.cat\/#organization","name":"Farm\u00e0cia Quim Piqu\u00e9","url":"https:\/\/www.farmaciaquimpique.cat\/","logo":{"@type":"ImageObject","inLanguage":"es","@id":"https:\/\/www.farmaciaquimpique.cat\/#\/schema\/logo\/image\/","url":"https:\/\/www.farmaciaquimpique.cat\/wp-content\/uploads\/2021\/06\/cropped-farmPique-logo.jpg","contentUrl":"https:\/\/www.farmaciaquimpique.cat\/wp-content\/uploads\/2021\/06\/cropped-farmPique-logo.jpg","width":212,"height":66,"caption":"Farm\u00e0cia Quim Piqu\u00e9"},"image":{"@id":"https:\/\/www.farmaciaquimpique.cat\/#\/schema\/logo\/image\/"},"sameAs":["https:\/\/www.facebook.com\/FarmaciaQuimPique","https:\/\/www.instagram.com\/farmacia_quim_pique\/?hl=es"]},{"@type":"Person","@id":"https:\/\/www.farmaciaquimpique.cat\/#\/schema\/person\/11593d1e51a2c1c68a27c03218bb260b","name":"godstudiogenesis","image":{"@type":"ImageObject","inLanguage":"es","@id":"https:\/\/secure.gravatar.com\/avatar\/cd25a443b0b4914bd329e4ac131ee5565813bc540e4f718b12694f28fbfec02e?s=96&d=mm&r=g","url":"https:\/\/secure.gravatar.com\/avatar\/cd25a443b0b4914bd329e4ac131ee5565813bc540e4f718b12694f28fbfec02e?s=96&d=mm&r=g","contentUrl":"https:\/\/secure.gravatar.com\/avatar\/cd25a443b0b4914bd329e4ac131ee5565813bc540e4f718b12694f28fbfec02e?s=96&d=mm&r=g","caption":"godstudiogenesis"},"sameAs":["https:\/\/www.farmaciaquimpique.cat"],"url":"https:\/\/www.farmaciaquimpique.cat\/es\/author\/godstudiogenesis\/"}]}},"_links":{"self":[{"href":"https:\/\/www.farmaciaquimpique.cat\/es\/wp-json\/wp\/v2\/posts\/23511","targetHints":{"allow":["GET"]}}],"collection":[{"href":"https:\/\/www.farmaciaquimpique.cat\/es\/wp-json\/wp\/v2\/posts"}],"about":[{"href":"https:\/\/www.farmaciaquimpique.cat\/es\/wp-json\/wp\/v2\/types\/post"}],"author":[{"embeddable":true,"href":"https:\/\/www.farmaciaquimpique.cat\/es\/wp-json\/wp\/v2\/users\/1"}],"replies":[{"embeddable":true,"href":"https:\/\/www.farmaciaquimpique.cat\/es\/wp-json\/wp\/v2\/comments?post=23511"}],"version-history":[{"count":1,"href":"https:\/\/www.farmaciaquimpique.cat\/es\/wp-json\/wp\/v2\/posts\/23511\/revisions"}],"predecessor-version":[{"id":23512,"href":"https:\/\/www.farmaciaquimpique.cat\/es\/wp-json\/wp\/v2\/posts\/23511\/revisions\/23512"}],"wp:featuredmedia":[{"embeddable":true,"href":"https:\/\/www.farmaciaquimpique.cat\/es\/wp-json\/wp\/v2\/media\/23548"}],"wp:attachment":[{"href":"https:\/\/www.farmaciaquimpique.cat\/es\/wp-json\/wp\/v2\/media?parent=23511"}],"wp:term":[{"taxonomy":"category","embeddable":true,"href":"https:\/\/www.farmaciaquimpique.cat\/es\/wp-json\/wp\/v2\/categories?post=23511"},{"taxonomy":"post_tag","embeddable":true,"href":"https:\/\/www.farmaciaquimpique.cat\/es\/wp-json\/wp\/v2\/tags?post=23511"}],"curies":[{"name":"wp","href":"https:\/\/api.w.org\/{rel}","templated":true}]}}